{"id":15134,"date":"2026-09-03T00:29:41","date_gmt":"2026-09-02T22:29:41","guid":{"rendered":"https:\/\/www.wir-noi.com\/vie-per-un-mondo-di-pace%e2%80%bc%ef%b8%8f\/"},"modified":"2026-09-03T00:53:22","modified_gmt":"2026-09-02T22:53:22","slug":"vie-per-un-mondo-di-pace%e2%80%bc%ef%b8%8f","status":"publish","type":"post","link":"https:\/\/www.wir-noi.com\/it\/vie-per-un-mondo-di-pace%e2%80%bc%ef%b8%8f\/","title":{"rendered":"VIE PER UN MONDO DI PACE\u203c\ufe0f"},"content":{"rendered":"<p>\ud83d\udd3c<b>SAVE THE DATE<\/b><b>\ud83d\udd3c<\/b><\/p>\n<p>Il cerchio Consapevolezza di WIR-NOI \u2764\ufe0finvita alla seguente<br \/>\nconferenza:<br \/>\n<b>VIE PER UN MONDO DI PACE<\/b>\u203c\ufe0f<\/p>\n<p>\ud83c\udfa4<b>Relatori:<\/b><\/p>\n<p>\ud83e\udd8b<b>Dott.ssa Stefania Rotondo<\/b><br \/>\nPsicoterapeuta, <b>VICE<\/b>presidente <b>dell\u2019Istituto italiano di Mindfulness ISIMIND<\/b> <i>(scusate l&#8217;errore nel volantino)<\/i><\/p>\n<p>\ud83e\udd8b<b>Lothar Pirc<\/b><br \/>\nFondatore\/CEO della clinica privata <b>Maharishi Ayurveda di Bad Ems, <\/b>professore alla <b>DPU-COL di Pune (IN)<\/b><\/p>\n<blockquote><p>Quando si parla di pace, molti si rassegnano. Pensano che non sia nelle mani del singolo.<br \/>\nGli studi scientifici dimostrano il contrario: il singolo pu\u00f2 davvero fare la\u00a0differenza.<\/p><\/blockquote>\n<p>Quando? Il <b>18 settembre 2026 alle ore 18:00<\/b><br \/>\nDove? Presso la <b>Kulturhaus Bronzolo<\/b>, Via Nazionale 34<\/p>\n<blockquote><p>La pace non \u00e8 un obiettivo puramente politico: \u00e8 una realt\u00e0 naturale e misurabile che possiamo plasmare attivamente<\/p><\/blockquote>\n<p>\ud83d\udcb6\u00a0Ingresso:\u00a0donazione libera<\/p>\n","protected":false},"excerpt":{"rendered":"<p>\ud83d\udd3cSAVE THE DATE\ud83d\udd3c Il cerchio Consapevolezza di WIR-NOI \u2764\ufe0finvita alla seguente conferenza: VIE PER UN MONDO DI PACE\u203c\ufe0f \ud83c\udfa4Relatori: \ud83e\udd8bDott.ssa Stefania Rotondo Psicoterapeuta, VICEpresidente dell\u2019Istituto italiano di Mindfulness ISIMIND (scusate l&#8217;errore nel volantino) \ud83e\udd8bLothar Pirc Fondatore\/CEO della clinica privata Maharishi Ayurveda di Bad Ems, professore alla DPU-COL di Pune (IN) Quando si parla di pace, [&hellip;]<\/p>\n","protected":false},"author":5,"featured_media":15132,"comment_status":"closed","ping_status":"closed","sticky":false,"template":"","format":"standard","meta":{"_et_pb_use_builder":"","_et_pb_old_content":"","_et_gb_content_width":"","om_disable_all_campaigns":false,"_monsterinsights_skip_tracking":false,"_wir_noi_event_enabled":true,"_wir_noi_event_start_date":"2026-09-18","_wir_noi_event_start_time":"18:00","_wir_noi_event_end_date":"","_wir_noi_event_end_time":"","_wir_noi_event_all_day":false,"_wir_noi_event_location":"Kulturhaus Bronzolo","_wir_noi_event_address":"Via Nazionale 34 (parcheggio presso la stazione ferroviaria di Bronzolo \u2013 5 minuti a piedi)","_wir_noi_event_language":"","_wir_noi_event_cost_text":"offerta libera","_wir_noi_event_info":"","_wir_noi_event_organizer":"","_wir_noi_event_registration_url":"https:\/\/my.wir-noi.com\/civicrm\/event\/register\/?reset=1&id=94&lcMessages=it_IT","_wir_noi_event_online":false,"footnotes":""},"categories":[209,179,185],"tags":[226],"class_list":["post-15134","post","type-post","status-publish","format-standard","has-post-thumbnail","hentry","category-bewusstsein","category-veranstaltungen","category-vortrag","tag-frieden"],"aioseo_notices":[],"aioseo_head":"\n\t\t<!-- All in One SEO 5.0.1.1 - aioseo.com -->\n\t<meta name=\"description\" content=\"\ud83d\udd3cSAVE THE DATE\ud83d\udd3c Il cerchio Consapevolezza di WIR-NOI \u2764\ufe0finvita alla seguente conferenza: VIE PER UN MONDO DI PACE\u203c\ufe0f \ud83c\udfa4Relatori: \ud83e\udd8bDott.ssa Stefania Rotondo Psicoterapeuta, VICEpresidente dell\u2019Istituto italiano di Mindfulness ISIMIND (scusate l&#039;errore nel volantino) \ud83e\udd8bLothar Pirc Fondatore\/CEO della clinica privata Maharishi Ayurveda di Bad Ems, professore alla DPU-COL di Pune (IN) Quando si parla di pace,\" \/>\n\t<meta name=\"robots\" content=\"max-image-preview:large\" \/>\n\t<meta name=\"author\" content=\"WIR-NOI\"\/>\n\t<meta name=\"google-site-verification\" content=\"eLkz_v0UbHXhVHkVZT2JSHfQNmMYt1edHUyTouWnmk4\" \/>\n\t<meta name=\"keywords\" content=\"frieden,bewusstsein,veranstaltungen,vortrag\" \/>\n\t<link rel=\"canonical\" href=\"https:\/\/www.wir-noi.com\/it\/vie-per-un-mondo-di-pace%e2%80%bc%ef%b8%8f\/\" \/>\n\t<meta name=\"generator\" content=\"All in One SEO (AIOSEO) 5.0.1.1\" \/>\n\t\t<meta property=\"og:locale\" content=\"it_IT\" \/>\n\t\t<meta property=\"og:site_name\" content=\"wir-noi - Die Wertefamilie WIR-NOI schafft Bewusstsein und verwirklicht Modelle f\u00fcr ein selbstbestimmtes Zusammenleben vor Ort.\" \/>\n\t\t<meta property=\"og:type\" content=\"article\" \/>\n\t\t<meta property=\"og:title\" content=\"VIE PER UN MONDO DI PACE\u203c\ufe0f - wir-noi\" \/>\n\t\t<meta property=\"og:description\" content=\"\ud83d\udd3cSAVE THE DATE\ud83d\udd3c Il cerchio Consapevolezza di WIR-NOI \u2764\ufe0finvita alla seguente conferenza: VIE PER UN MONDO DI PACE\u203c\ufe0f \ud83c\udfa4Relatori: \ud83e\udd8bDott.ssa Stefania Rotondo Psicoterapeuta, VICEpresidente dell\u2019Istituto italiano di Mindfulness ISIMIND (scusate l&#039;errore nel volantino) \ud83e\udd8bLothar Pirc Fondatore\/CEO della clinica privata Maharishi Ayurveda di Bad Ems, professore alla DPU-COL di Pune (IN) Quando si parla di pace,\" \/>\n\t\t<meta property=\"og:url\" content=\"https:\/\/www.wir-noi.com\/it\/vie-per-un-mondo-di-pace%e2%80%bc%ef%b8%8f\/\" \/>\n\t\t<meta property=\"og:image\" content=\"https:\/\/www.wir-noi.com\/wp-content\/uploads\/2026\/09\/9d70d7d18af42030e58f.png\" \/>\n\t\t<meta property=\"og:image:secure_url\" content=\"https:\/\/www.wir-noi.com\/wp-content\/uploads\/2026\/09\/9d70d7d18af42030e58f.png\" \/>\n\t\t<meta property=\"og:image:width\" content=\"1024\" \/>\n\t\t<meta property=\"og:image:height\" content=\"1332\" \/>\n\t\t<meta property=\"article:published_time\" content=\"2026-09-02T22:29:41+00:00\" \/>\n\t\t<meta property=\"article:modified_time\" content=\"2026-09-02T22:53:22+00:00\" \/>\n\t\t<meta property=\"article:publisher\" content=\"https:\/\/www.facebook.com\/Sozialunion.WIR.NOI.Associazione.Sociale\" \/>\n\t\t<meta name=\"twitter:card\" content=\"summary_large_image\" \/>\n\t\t<meta name=\"twitter:site\" content=\"@wir_noi\" \/>\n\t\t<meta name=\"twitter:title\" content=\"VIE PER UN MONDO DI PACE\u203c\ufe0f - wir-noi\" \/>\n\t\t<meta name=\"twitter:description\" content=\"\ud83d\udd3cSAVE THE DATE\ud83d\udd3c Il cerchio Consapevolezza di WIR-NOI \u2764\ufe0finvita alla seguente conferenza: VIE PER UN MONDO DI PACE\u203c\ufe0f \ud83c\udfa4Relatori: \ud83e\udd8bDott.ssa Stefania Rotondo Psicoterapeuta, VICEpresidente dell\u2019Istituto italiano di Mindfulness ISIMIND (scusate l&#039;errore nel volantino) \ud83e\udd8bLothar Pirc Fondatore\/CEO della clinica privata Maharishi Ayurveda di Bad Ems, professore alla DPU-COL di Pune (IN) Quando si parla di pace,\" \/>\n\t\t<meta name=\"twitter:creator\" content=\"@wir_noi\" \/>\n\t\t<meta name=\"twitter:image\" content=\"https:\/\/www.wir-noi.com\/wp-content\/uploads\/2026\/09\/9d70d7d18af42030e58f.png\" \/>\n\t\t<script type=\"application\/ld+json\" class=\"aioseo-schema\">\n\t\t\t{\"@context\":\"https:\\\/\\\/schema.org\",\"@graph\":[{\"@type\":\"BlogPosting\",\"@id\":\"https:\\\/\\\/www.wir-noi.com\\\/it\\\/vie-per-un-mondo-di-pace%e2%80%bc%ef%b8%8f\\\/#blogposting\",\"name\":\"VIE PER UN MONDO DI PACE\\u203c\\ufe0f - wir-noi\",\"headline\":\"VIE PER UN MONDO DI PACE\\u203c\\ufe0f\",\"author\":{\"@id\":\"https:\\\/\\\/www.wir-noi.com\\\/it\\\/author\\\/wir-noi\\\/#author\"},\"publisher\":{\"@id\":\"https:\\\/\\\/www.wir-noi.com\\\/it\\\/#organization\"},\"image\":{\"@type\":\"ImageObject\",\"url\":\"https:\\\/\\\/www.wir-noi.com\\\/wp-content\\\/uploads\\\/2026\\\/09\\\/9d70d7d18af42030e58f.png\",\"width\":1024,\"height\":1332},\"datePublished\":\"2026-09-03T00:29:41+02:00\",\"dateModified\":\"2026-09-03T00:53:22+02:00\",\"inLanguage\":\"it-IT\",\"mainEntityOfPage\":{\"@id\":\"https:\\\/\\\/www.wir-noi.com\\\/it\\\/vie-per-un-mondo-di-pace%e2%80%bc%ef%b8%8f\\\/#webpage\"},\"isPartOf\":{\"@id\":\"https:\\\/\\\/www.wir-noi.com\\\/it\\\/vie-per-un-mondo-di-pace%e2%80%bc%ef%b8%8f\\\/#webpage\"},\"articleSection\":\"BewusstSein, Veranstaltungen, Vortrag, Frieden, Opzionale\"},{\"@type\":\"BreadcrumbList\",\"@id\":\"https:\\\/\\\/www.wir-noi.com\\\/it\\\/vie-per-un-mondo-di-pace%e2%80%bc%ef%b8%8f\\\/#breadcrumblist\",\"itemListElement\":[{\"@type\":\"ListItem\",\"@id\":\"https:\\\/\\\/www.wir-noi.com\\\/it\\\/#listItem\",\"position\":1,\"name\":\"Home\",\"item\":\"https:\\\/\\\/www.wir-noi.com\\\/it\\\/\",\"nextItem\":{\"@type\":\"ListItem\",\"@id\":\"https:\\\/\\\/www.wir-noi.com\\\/category\\\/aktivitaeten\\\/#listItem\",\"name\":\"Aktivit\\u00e4ten\"}},{\"@type\":\"ListItem\",\"@id\":\"https:\\\/\\\/www.wir-noi.com\\\/category\\\/aktivitaeten\\\/#listItem\",\"position\":2,\"name\":\"Aktivit\\u00e4ten\",\"item\":\"https:\\\/\\\/www.wir-noi.com\\\/category\\\/aktivitaeten\\\/\",\"nextItem\":{\"@type\":\"ListItem\",\"@id\":\"https:\\\/\\\/www.wir-noi.com\\\/category\\\/aktivitaeten\\\/veranstaltungen\\\/#listItem\",\"name\":\"Veranstaltungen\"},\"previousItem\":{\"@type\":\"ListItem\",\"@id\":\"https:\\\/\\\/www.wir-noi.com\\\/it\\\/#listItem\",\"name\":\"Home\"}},{\"@type\":\"ListItem\",\"@id\":\"https:\\\/\\\/www.wir-noi.com\\\/category\\\/aktivitaeten\\\/veranstaltungen\\\/#listItem\",\"position\":3,\"name\":\"Veranstaltungen\",\"item\":\"https:\\\/\\\/www.wir-noi.com\\\/category\\\/aktivitaeten\\\/veranstaltungen\\\/\",\"nextItem\":{\"@type\":\"ListItem\",\"@id\":\"https:\\\/\\\/www.wir-noi.com\\\/it\\\/vie-per-un-mondo-di-pace%e2%80%bc%ef%b8%8f\\\/#listItem\",\"name\":\"VIE PER UN MONDO DI PACE\\u203c\\ufe0f\"},\"previousItem\":{\"@type\":\"ListItem\",\"@id\":\"https:\\\/\\\/www.wir-noi.com\\\/category\\\/aktivitaeten\\\/#listItem\",\"name\":\"Aktivit\\u00e4ten\"}},{\"@type\":\"ListItem\",\"@id\":\"https:\\\/\\\/www.wir-noi.com\\\/it\\\/vie-per-un-mondo-di-pace%e2%80%bc%ef%b8%8f\\\/#listItem\",\"position\":4,\"name\":\"VIE PER UN MONDO DI PACE\\u203c\\ufe0f\",\"previousItem\":{\"@type\":\"ListItem\",\"@id\":\"https:\\\/\\\/www.wir-noi.com\\\/category\\\/aktivitaeten\\\/veranstaltungen\\\/#listItem\",\"name\":\"Veranstaltungen\"}}]},{\"@type\":\"Organization\",\"@id\":\"https:\\\/\\\/www.wir-noi.com\\\/it\\\/#organization\",\"name\":\"Sozialunion WIR-NOI Associazione Sociale VFG\\\/APS\",\"description\":\"WIR-NOI steht f\\u00fcr Freiheit, Freude, Gesundheit, Eigenverantwortung, Naturverbundenheit, Wohlstand, Friede, Gemeinschaft, Zusammenhalt, Wahrheit, Gerechtigkeit und gegenseitige St\\u00e4rkung. Im Vordergrund stehen dabei der direkte pers\\u00f6nliche Austausch und die Vernetzung vor Ort in den jeweiligen Bezirken. Aus Liebe zum MenschSEIN denkt und gestaltet WIR-NOI die wesentlichen Aspekte unseres Lebens neu. Mit Herz und Tatkraft f\\u00f6rdert der Verein Initiativen und Projekte in allen Lebensbereichen.\",\"url\":\"https:\\\/\\\/www.wir-noi.com\\\/it\\\/\",\"email\":\"info@wir-noi.com\",\"foundingDate\":\"2022-12-01\",\"logo\":{\"@type\":\"ImageObject\",\"url\":\"https:\\\/\\\/www.wir-noi.com\\\/wp-content\\\/uploads\\\/2026\\\/01\\\/cropped-WIR-NOI-complete.png\",\"@id\":\"https:\\\/\\\/www.wir-noi.com\\\/it\\\/vie-per-un-mondo-di-pace%e2%80%bc%ef%b8%8f\\\/#organizationLogo\",\"width\":512,\"height\":512},\"image\":{\"@id\":\"https:\\\/\\\/www.wir-noi.com\\\/it\\\/vie-per-un-mondo-di-pace%e2%80%bc%ef%b8%8f\\\/#organizationLogo\"},\"sameAs\":[\"https:\\\/\\\/www.facebook.com\\\/Sozialunion.WIR.NOI.Associazione.Sociale\",\"https:\\\/\\\/x.com\\\/wir_noi\",\"https:\\\/\\\/www.instagram.com\\\/wir_noi\\\/\",\"https:\\\/\\\/www.tiktok.com\\\/@wirnoi\"]},{\"@type\":\"Person\",\"@id\":\"https:\\\/\\\/www.wir-noi.com\\\/it\\\/author\\\/wir-noi\\\/#author\",\"url\":\"https:\\\/\\\/www.wir-noi.com\\\/it\\\/author\\\/wir-noi\\\/\",\"name\":\"WIR-NOI\",\"image\":{\"@type\":\"ImageObject\",\"@id\":\"https:\\\/\\\/www.wir-noi.com\\\/it\\\/vie-per-un-mondo-di-pace%e2%80%bc%ef%b8%8f\\\/#authorImage\",\"url\":\"https:\\\/\\\/secure.gravatar.com\\\/avatar\\\/1546b42331ace480532abee9ffafa17ee82f9b8817920a07044ec6c35f418bd8?s=96&d=mm&r=g\",\"width\":96,\"height\":96,\"caption\":\"WIR-NOI\"}},{\"@type\":\"WebPage\",\"@id\":\"https:\\\/\\\/www.wir-noi.com\\\/it\\\/vie-per-un-mondo-di-pace%e2%80%bc%ef%b8%8f\\\/#webpage\",\"url\":\"https:\\\/\\\/www.wir-noi.com\\\/it\\\/vie-per-un-mondo-di-pace%e2%80%bc%ef%b8%8f\\\/\",\"name\":\"VIE PER UN MONDO DI PACE\\u203c\\ufe0f - wir-noi\",\"description\":\"\\ud83d\\udd3cSAVE THE DATE\\ud83d\\udd3c Il cerchio Consapevolezza di WIR-NOI \\u2764\\ufe0finvita alla seguente conferenza: VIE PER UN MONDO DI PACE\\u203c\\ufe0f \\ud83c\\udfa4Relatori: \\ud83e\\udd8bDott.ssa Stefania Rotondo Psicoterapeuta, VICEpresidente dell\\u2019Istituto italiano di Mindfulness ISIMIND (scusate l'errore nel volantino) \\ud83e\\udd8bLothar Pirc Fondatore\\\/CEO della clinica privata Maharishi Ayurveda di Bad Ems, professore alla DPU-COL di Pune (IN) Quando si parla di pace,\",\"inLanguage\":\"it-IT\",\"isPartOf\":{\"@id\":\"https:\\\/\\\/www.wir-noi.com\\\/it\\\/#website\"},\"breadcrumb\":{\"@id\":\"https:\\\/\\\/www.wir-noi.com\\\/it\\\/vie-per-un-mondo-di-pace%e2%80%bc%ef%b8%8f\\\/#breadcrumblist\"},\"author\":{\"@id\":\"https:\\\/\\\/www.wir-noi.com\\\/it\\\/author\\\/wir-noi\\\/#author\"},\"creator\":{\"@id\":\"https:\\\/\\\/www.wir-noi.com\\\/it\\\/author\\\/wir-noi\\\/#author\"},\"image\":{\"@type\":\"ImageObject\",\"url\":\"https:\\\/\\\/www.wir-noi.com\\\/wp-content\\\/uploads\\\/2026\\\/09\\\/9d70d7d18af42030e58f.png\",\"@id\":\"https:\\\/\\\/www.wir-noi.com\\\/it\\\/vie-per-un-mondo-di-pace%e2%80%bc%ef%b8%8f\\\/#mainImage\",\"width\":1024,\"height\":1332},\"primaryImageOfPage\":{\"@id\":\"https:\\\/\\\/www.wir-noi.com\\\/it\\\/vie-per-un-mondo-di-pace%e2%80%bc%ef%b8%8f\\\/#mainImage\"},\"datePublished\":\"2026-09-03T00:29:41+02:00\",\"dateModified\":\"2026-09-03T00:53:22+02:00\"},{\"@type\":\"WebSite\",\"@id\":\"https:\\\/\\\/www.wir-noi.com\\\/it\\\/#website\",\"url\":\"https:\\\/\\\/www.wir-noi.com\\\/it\\\/\",\"name\":\"WIR-NOI\",\"description\":\"Die Wertefamilie WIR-NOI schafft Bewusstsein und verwirklicht Modelle f\\u00fcr ein selbstbestimmtes Zusammenleben vor Ort.\",\"inLanguage\":\"it-IT\",\"publisher\":{\"@id\":\"https:\\\/\\\/www.wir-noi.com\\\/it\\\/#organization\"}}]}\n\t\t<\/script>\n\t\t<!-- All in One SEO -->\n\n","aioseo_head_json":{"title":"VIE PER UN MONDO DI PACE\u203c\ufe0f - wir-noi","description":"\ud83d\udd3cSAVE THE DATE\ud83d\udd3c Il cerchio Consapevolezza di WIR-NOI \u2764\ufe0finvita alla seguente conferenza: VIE PER UN MONDO DI PACE\u203c\ufe0f \ud83c\udfa4Relatori: \ud83e\udd8bDott.ssa Stefania Rotondo Psicoterapeuta, VICEpresidente dell\u2019Istituto italiano di Mindfulness ISIMIND (scusate l'errore nel volantino) \ud83e\udd8bLothar Pirc Fondatore\/CEO della clinica privata Maharishi Ayurveda di Bad Ems, professore alla DPU-COL di Pune (IN) Quando si parla di pace,","canonical_url":"https:\/\/www.wir-noi.com\/it\/vie-per-un-mondo-di-pace%e2%80%bc%ef%b8%8f\/","robots":"max-image-preview:large","keywords":"frieden,bewusstsein,veranstaltungen,vortrag","webmasterTools":{"google-site-verification":"eLkz_v0UbHXhVHkVZT2JSHfQNmMYt1edHUyTouWnmk4","miscellaneous":""},"schema":{"@context":"https:\/\/schema.org","@graph":[{"@type":"BlogPosting","@id":"https:\/\/www.wir-noi.com\/it\/vie-per-un-mondo-di-pace%e2%80%bc%ef%b8%8f\/#blogposting","name":"VIE PER UN MONDO DI PACE\u203c\ufe0f - wir-noi","headline":"VIE PER UN MONDO DI PACE\u203c\ufe0f","author":{"@id":"https:\/\/www.wir-noi.com\/it\/author\/wir-noi\/#author"},"publisher":{"@id":"https:\/\/www.wir-noi.com\/it\/#organization"},"image":{"@type":"ImageObject","url":"https:\/\/www.wir-noi.com\/wp-content\/uploads\/2026\/09\/9d70d7d18af42030e58f.png","width":1024,"height":1332},"datePublished":"2026-09-03T00:29:41+02:00","dateModified":"2026-09-03T00:53:22+02:00","inLanguage":"it-IT","mainEntityOfPage":{"@id":"https:\/\/www.wir-noi.com\/it\/vie-per-un-mondo-di-pace%e2%80%bc%ef%b8%8f\/#webpage"},"isPartOf":{"@id":"https:\/\/www.wir-noi.com\/it\/vie-per-un-mondo-di-pace%e2%80%bc%ef%b8%8f\/#webpage"},"articleSection":"BewusstSein, Veranstaltungen, Vortrag, Frieden, Opzionale"},{"@type":"BreadcrumbList","@id":"https:\/\/www.wir-noi.com\/it\/vie-per-un-mondo-di-pace%e2%80%bc%ef%b8%8f\/#breadcrumblist","itemListElement":[{"@type":"ListItem","@id":"https:\/\/www.wir-noi.com\/it\/#listItem","position":1,"name":"Home","item":"https:\/\/www.wir-noi.com\/it\/","nextItem":{"@type":"ListItem","@id":"https:\/\/www.wir-noi.com\/category\/aktivitaeten\/#listItem","name":"Aktivit\u00e4ten"}},{"@type":"ListItem","@id":"https:\/\/www.wir-noi.com\/category\/aktivitaeten\/#listItem","position":2,"name":"Aktivit\u00e4ten","item":"https:\/\/www.wir-noi.com\/category\/aktivitaeten\/","nextItem":{"@type":"ListItem","@id":"https:\/\/www.wir-noi.com\/category\/aktivitaeten\/veranstaltungen\/#listItem","name":"Veranstaltungen"},"previousItem":{"@type":"ListItem","@id":"https:\/\/www.wir-noi.com\/it\/#listItem","name":"Home"}},{"@type":"ListItem","@id":"https:\/\/www.wir-noi.com\/category\/aktivitaeten\/veranstaltungen\/#listItem","position":3,"name":"Veranstaltungen","item":"https:\/\/www.wir-noi.com\/category\/aktivitaeten\/veranstaltungen\/","nextItem":{"@type":"ListItem","@id":"https:\/\/www.wir-noi.com\/it\/vie-per-un-mondo-di-pace%e2%80%bc%ef%b8%8f\/#listItem","name":"VIE PER UN MONDO DI PACE\u203c\ufe0f"},"previousItem":{"@type":"ListItem","@id":"https:\/\/www.wir-noi.com\/category\/aktivitaeten\/#listItem","name":"Aktivit\u00e4ten"}},{"@type":"ListItem","@id":"https:\/\/www.wir-noi.com\/it\/vie-per-un-mondo-di-pace%e2%80%bc%ef%b8%8f\/#listItem","position":4,"name":"VIE PER UN MONDO DI PACE\u203c\ufe0f","previousItem":{"@type":"ListItem","@id":"https:\/\/www.wir-noi.com\/category\/aktivitaeten\/veranstaltungen\/#listItem","name":"Veranstaltungen"}}]},{"@type":"Organization","@id":"https:\/\/www.wir-noi.com\/it\/#organization","name":"Sozialunion WIR-NOI Associazione Sociale VFG\/APS","description":"WIR-NOI steht f\u00fcr Freiheit, Freude, Gesundheit, Eigenverantwortung, Naturverbundenheit, Wohlstand, Friede, Gemeinschaft, Zusammenhalt, Wahrheit, Gerechtigkeit und gegenseitige St\u00e4rkung. Im Vordergrund stehen dabei der direkte pers\u00f6nliche Austausch und die Vernetzung vor Ort in den jeweiligen Bezirken. Aus Liebe zum MenschSEIN denkt und gestaltet WIR-NOI die wesentlichen Aspekte unseres Lebens neu. Mit Herz und Tatkraft f\u00f6rdert der Verein Initiativen und Projekte in allen Lebensbereichen.","url":"https:\/\/www.wir-noi.com\/it\/","email":"info@wir-noi.com","foundingDate":"2022-12-01","logo":{"@type":"ImageObject","url":"https:\/\/www.wir-noi.com\/wp-content\/uploads\/2026\/01\/cropped-WIR-NOI-complete.png","@id":"https:\/\/www.wir-noi.com\/it\/vie-per-un-mondo-di-pace%e2%80%bc%ef%b8%8f\/#organizationLogo","width":512,"height":512},"image":{"@id":"https:\/\/www.wir-noi.com\/it\/vie-per-un-mondo-di-pace%e2%80%bc%ef%b8%8f\/#organizationLogo"},"sameAs":["https:\/\/www.facebook.com\/Sozialunion.WIR.NOI.Associazione.Sociale","https:\/\/x.com\/wir_noi","https:\/\/www.instagram.com\/wir_noi\/","https:\/\/www.tiktok.com\/@wirnoi"]},{"@type":"Person","@id":"https:\/\/www.wir-noi.com\/it\/author\/wir-noi\/#author","url":"https:\/\/www.wir-noi.com\/it\/author\/wir-noi\/","name":"WIR-NOI","image":{"@type":"ImageObject","@id":"https:\/\/www.wir-noi.com\/it\/vie-per-un-mondo-di-pace%e2%80%bc%ef%b8%8f\/#authorImage","url":"https:\/\/secure.gravatar.com\/avatar\/1546b42331ace480532abee9ffafa17ee82f9b8817920a07044ec6c35f418bd8?s=96&d=mm&r=g","width":96,"height":96,"caption":"WIR-NOI"}},{"@type":"WebPage","@id":"https:\/\/www.wir-noi.com\/it\/vie-per-un-mondo-di-pace%e2%80%bc%ef%b8%8f\/#webpage","url":"https:\/\/www.wir-noi.com\/it\/vie-per-un-mondo-di-pace%e2%80%bc%ef%b8%8f\/","name":"VIE PER UN MONDO DI PACE\u203c\ufe0f - wir-noi","description":"\ud83d\udd3cSAVE THE DATE\ud83d\udd3c Il cerchio Consapevolezza di WIR-NOI \u2764\ufe0finvita alla seguente conferenza: VIE PER UN MONDO DI PACE\u203c\ufe0f \ud83c\udfa4Relatori: \ud83e\udd8bDott.ssa Stefania Rotondo Psicoterapeuta, VICEpresidente dell\u2019Istituto italiano di Mindfulness ISIMIND (scusate l'errore nel volantino) \ud83e\udd8bLothar Pirc Fondatore\/CEO della clinica privata Maharishi Ayurveda di Bad Ems, professore alla DPU-COL di Pune (IN) Quando si parla di pace,","inLanguage":"it-IT","isPartOf":{"@id":"https:\/\/www.wir-noi.com\/it\/#website"},"breadcrumb":{"@id":"https:\/\/www.wir-noi.com\/it\/vie-per-un-mondo-di-pace%e2%80%bc%ef%b8%8f\/#breadcrumblist"},"author":{"@id":"https:\/\/www.wir-noi.com\/it\/author\/wir-noi\/#author"},"creator":{"@id":"https:\/\/www.wir-noi.com\/it\/author\/wir-noi\/#author"},"image":{"@type":"ImageObject","url":"https:\/\/www.wir-noi.com\/wp-content\/uploads\/2026\/09\/9d70d7d18af42030e58f.png","@id":"https:\/\/www.wir-noi.com\/it\/vie-per-un-mondo-di-pace%e2%80%bc%ef%b8%8f\/#mainImage","width":1024,"height":1332},"primaryImageOfPage":{"@id":"https:\/\/www.wir-noi.com\/it\/vie-per-un-mondo-di-pace%e2%80%bc%ef%b8%8f\/#mainImage"},"datePublished":"2026-09-03T00:29:41+02:00","dateModified":"2026-09-03T00:53:22+02:00"},{"@type":"WebSite","@id":"https:\/\/www.wir-noi.com\/it\/#website","url":"https:\/\/www.wir-noi.com\/it\/","name":"WIR-NOI","description":"Die Wertefamilie WIR-NOI schafft Bewusstsein und verwirklicht Modelle f\u00fcr ein selbstbestimmtes Zusammenleben vor Ort.","inLanguage":"it-IT","publisher":{"@id":"https:\/\/www.wir-noi.com\/it\/#organization"}}]},"og:locale":"it_IT","og:site_name":"wir-noi - Die Wertefamilie WIR-NOI schafft Bewusstsein und verwirklicht Modelle f\u00fcr ein selbstbestimmtes Zusammenleben vor Ort.","og:type":"article","og:title":"VIE PER UN MONDO DI PACE\u203c\ufe0f - wir-noi","og:description":"\ud83d\udd3cSAVE THE DATE\ud83d\udd3c Il cerchio Consapevolezza di WIR-NOI \u2764\ufe0finvita alla seguente conferenza: VIE PER UN MONDO DI PACE\u203c\ufe0f \ud83c\udfa4Relatori: \ud83e\udd8bDott.ssa Stefania Rotondo Psicoterapeuta, VICEpresidente dell\u2019Istituto italiano di Mindfulness ISIMIND (scusate l'errore nel volantino) \ud83e\udd8bLothar Pirc Fondatore\/CEO della clinica privata Maharishi Ayurveda di Bad Ems, professore alla DPU-COL di Pune (IN) Quando si parla di pace,","og:url":"https:\/\/www.wir-noi.com\/it\/vie-per-un-mondo-di-pace%e2%80%bc%ef%b8%8f\/","og:image":"https:\/\/www.wir-noi.com\/wp-content\/uploads\/2026\/09\/9d70d7d18af42030e58f.png","og:image:secure_url":"https:\/\/www.wir-noi.com\/wp-content\/uploads\/2026\/09\/9d70d7d18af42030e58f.png","og:image:width":1024,"og:image:height":1332,"article:published_time":"2026-09-02T22:29:41+00:00","article:modified_time":"2026-09-02T22:53:22+00:00","article:publisher":"https:\/\/www.facebook.com\/Sozialunion.WIR.NOI.Associazione.Sociale","twitter:card":"summary_large_image","twitter:site":"@wir_noi","twitter:title":"VIE PER UN MONDO DI PACE\u203c\ufe0f - wir-noi","twitter:description":"\ud83d\udd3cSAVE THE DATE\ud83d\udd3c Il cerchio Consapevolezza di WIR-NOI \u2764\ufe0finvita alla seguente conferenza: VIE PER UN MONDO DI PACE\u203c\ufe0f \ud83c\udfa4Relatori: \ud83e\udd8bDott.ssa Stefania Rotondo Psicoterapeuta, VICEpresidente dell\u2019Istituto italiano di Mindfulness ISIMIND (scusate l'errore nel volantino) \ud83e\udd8bLothar Pirc Fondatore\/CEO della clinica privata Maharishi Ayurveda di Bad Ems, professore alla DPU-COL di Pune (IN) Quando si parla di pace,","twitter:creator":"@wir_noi","twitter:image":"https:\/\/www.wir-noi.com\/wp-content\/uploads\/2026\/09\/9d70d7d18af42030e58f.png"},"aioseo_meta_data":{"post_id":"15134","title":null,"description":null,"keywords":null,"keyphrases":{"focus":{"keyphrase":"","score":0,"analysis":{"keyphraseInTitle":{"score":0,"maxScore":9,"error":1}}},"additional":[]},"primary_term":null,"canonical_url":null,"og_title":null,"og_description":null,"og_object_type":"default","og_image_type":"default","og_image_url":null,"og_image_width":null,"og_image_height":null,"og_image_custom_url":null,"og_image_custom_fields":null,"og_video":"","og_custom_url":null,"og_article_section":null,"og_article_tags":null,"twitter_use_og":false,"twitter_card":"default","twitter_image_type":"default","twitter_image_url":null,"twitter_image_custom_url":null,"twitter_image_custom_fields":null,"twitter_title":null,"twitter_description":null,"schema":{"blockGraphs":[],"customGraphs":[],"default":{"data":{"Article":[],"Course":[],"Dataset":[],"FAQPage":[],"Movie":[],"Person":[],"Product":[],"ProductReview":[],"Car":[],"Recipe":[],"Service":[],"SoftwareApplication":[],"WebPage":[]},"graphName":"BlogPosting","isEnabled":true},"graphs":[]},"schema_type":"default","schema_type_options":null,"pillar_content":false,"robots_default":true,"robots_noindex":false,"robots_noarchive":false,"robots_nosnippet":false,"robots_nofollow":false,"robots_noimageindex":false,"robots_noodp":false,"robots_notranslate":false,"robots_max_snippet":"-1","robots_max_videopreview":"-1","robots_max_imagepreview":"large","priority":null,"frequency":"default","local_seo":null,"breadcrumb_settings":null,"limit_modified_date":false,"ai":{"faqs":[],"keyPoints":[],"schemas":[],"titles":[],"descriptions":[],"socialPosts":{"email":{"subject":"","preview":"","content":""},"linkedin":[],"twitter":[],"facebook":[],"instagram":[]}},"created":"2026-09-02 22:32:10","updated":"2026-09-03 01:54:11","seo_analyzer_scan_date":null,"focus_keyword":null,"additional_keywords":null,"truseo_locale":null},"aioseo_breadcrumb":"<div class=\"aioseo-breadcrumbs\"><span class=\"aioseo-breadcrumb\">\n\t\t\t<a href=\"https:\/\/www.wir-noi.com\/it\/\" title=\"Home\">Home<\/a>\n\t\t<\/span><span class=\"aioseo-breadcrumb-separator\">&raquo;<\/span><span class=\"aioseo-breadcrumb\">\n\t\t\t<a href=\"https:\/\/www.wir-noi.com\/category\/aktivitaeten\/\" title=\"Aktivit\u00e4ten\">Aktivit\u00e4ten<\/a>\n\t\t<\/span><span class=\"aioseo-breadcrumb-separator\">&raquo;<\/span><span class=\"aioseo-breadcrumb\">\n\t\t\t<a href=\"https:\/\/www.wir-noi.com\/category\/aktivitaeten\/veranstaltungen\/\" title=\"Veranstaltungen\">Veranstaltungen<\/a>\n\t\t<\/span><span class=\"aioseo-breadcrumb-separator\">&raquo;<\/span><span class=\"aioseo-breadcrumb\">\n\t\t\tVIE PER UN MONDO DI PACE\u203c\ufe0f\n\t\t<\/span><\/div>","aioseo_breadcrumb_json":[{"label":"Home","link":"https:\/\/www.wir-noi.com\/it\/"},{"label":"Aktivit\u00e4ten","link":"https:\/\/www.wir-noi.com\/category\/aktivitaeten\/"},{"label":"Veranstaltungen","link":"https:\/\/www.wir-noi.com\/category\/aktivitaeten\/veranstaltungen\/"},{"label":"VIE PER UN MONDO DI PACE\u203c\ufe0f","link":"https:\/\/www.wir-noi.com\/it\/vie-per-un-mondo-di-pace%e2%80%bc%ef%b8%8f\/"}],"_links":{"self":[{"href":"https:\/\/www.wir-noi.com\/it\/wp-json\/wp\/v2\/posts\/15134","targetHints":{"allow":["GET"]}}],"collection":[{"href":"https:\/\/www.wir-noi.com\/it\/wp-json\/wp\/v2\/posts"}],"about":[{"href":"https:\/\/www.wir-noi.com\/it\/wp-json\/wp\/v2\/types\/post"}],"author":[{"embeddable":true,"href":"https:\/\/www.wir-noi.com\/it\/wp-json\/wp\/v2\/users\/5"}],"replies":[{"embeddable":true,"href":"https:\/\/www.wir-noi.com\/it\/wp-json\/wp\/v2\/comments?post=15134"}],"version-history":[{"count":2,"href":"https:\/\/www.wir-noi.com\/it\/wp-json\/wp\/v2\/posts\/15134\/revisions"}],"predecessor-version":[{"id":15140,"href":"https:\/\/www.wir-noi.com\/it\/wp-json\/wp\/v2\/posts\/15134\/revisions\/15140"}],"wp:featuredmedia":[{"embeddable":true,"href":"https:\/\/www.wir-noi.com\/it\/wp-json\/wp\/v2\/media\/15132"}],"wp:attachment":[{"href":"https:\/\/www.wir-noi.com\/it\/wp-json\/wp\/v2\/media?parent=15134"}],"wp:term":[{"taxonomy":"category","embeddable":true,"href":"https:\/\/www.wir-noi.com\/it\/wp-json\/wp\/v2\/categories?post=15134"},{"taxonomy":"post_tag","embeddable":true,"href":"https:\/\/www.wir-noi.com\/it\/wp-json\/wp\/v2\/tags?post=15134"}],"curies":[{"name":"wp","href":"https:\/\/api.w.org\/{rel}","templated":true}]}}